{"id":3154,"date":"2018-01-10T18:12:34","date_gmt":"2018-01-10T17:12:34","guid":{"rendered":"http:\/\/www.mbh.fr\/?p=3154"},"modified":"2018-02-16T09:45:48","modified_gmt":"2018-02-16T08:45:48","slug":"2-nouvelles-bases-mbh-samu","status":"publish","type":"post","link":"https:\/\/www.mbh.fr\/fr\/2-nouvelles-bases-mbh-samu\/","title":{"rendered":"MBH SAMU : 2 nouvelles bases Amiens et Laon"},"content":{"rendered":"<div class=\"wpb-content-wrapper\"><p>[vc_row][vc_column width=\u00a0\u00bb1\/2&Prime;][vc_column_text]Deux nouvelles bases MBH SAMU :<\/p>\n<p><b>H\u00f4pital<\/b><strong>\u00a0d&rsquo;Amiens &#8211; 1er h\u00e9licopt\u00e8re 145 T2 en France sur du SAMU\u00a0<\/strong><\/p>\n<p><strong>H\u00f4pital de Laon &#8211; h\u00e9licopt\u00e8re 135 T3<\/strong><\/p>\n<p><strong>Nos bases hospitali\u00e8res Samu :<\/strong><\/p>\n<ul>\n<li>Cr\u00e9teil<\/li>\n<li>Marseilles<\/li>\n<li>Avignon<\/li>\n<li>Mulhouse<\/li>\n<li>Nancy<\/li>\n<li>Reims<\/li>\n<li>Amiens (2018)<\/li>\n<li>Laon (2018)<\/li>\n<li>Cayenne Guyane<\/li>\n<\/ul>\n<p><a href=\"https:\/\/www.mbh.fr\/fr\/services\/secours\/mbh-samu\/\">Informations compl\u00e9mentaires\u00a0<\/a>[\/vc_column_text][\/vc_column][vc_column width=\u00a0\u00bb1\/2&Prime;]<div class=\"single_image wpb_content_element align-left    \" data-animation=\"none\" data-delay=\"0\"><\/div><div class=\"single_image wpb_content_element align-left    \" data-animation=\"none\" data-delay=\"0\"><\/div><div class=\"single_image wpb_content_element align-left    \" data-animation=\"none\" data-delay=\"0\"><\/div>[\/vc_column][\/vc_row]<\/p>\n<\/div>","protected":false},"excerpt":{"rendered":"<p>[vc_row][vc_column width=\u00a0\u00bb1\/2&Prime;][vc_column_text]Deux nouvelles bases MBH SAMU : H\u00f4pital\u00a0d&rsquo;Amiens &#8211; 1er h\u00e9licopt\u00e8re 145 T2 en France sur du SAMU\u00a0 H\u00f4pital de Laon &#8211; h\u00e9licopt\u00e8re 135 T3 Nos bases hospitali\u00e8res Samu : Cr\u00e9teil Marseilles Avignon Mulhouse Nancy Reims Amiens (2018) Laon (2018) Cayenne Guyane Informations compl\u00e9mentaires\u00a0[\/vc_column_text][\/vc_column][vc_column width=\u00a0\u00bb1\/2&Prime;][\/vc_column][\/vc_row]<\/p>\n","protected":false},"author":7,"featured_media":0,"comment_status":"closed","ping_status":"closed","sticky":false,"template":"","format":"standard","meta":{"_acf_changed":false,"footnotes":""},"categories":[],"tags":[],"class_list":["post-3154","post","type-post","status-publish","format-standard","hentry"],"acf":[],"yoast_head":"<!-- This site is optimized with the Yoast SEO plugin v26.9 - https:\/\/yoast.com\/product\/yoast-seo-wordpress\/ -->\n<title>MBH SAMU : 2 nouvelles bases Amiens et Laon - Mont-Blanc H\u00e9licopt\u00e8res<\/title>\n<meta name=\"robots\" content=\"index, follow, max-snippet:-1, max-image-preview:large, max-video-preview:-1\" \/>\n<link rel=\"canonical\" href=\"https:\/\/www.mbh.fr\/fr\/2-nouvelles-bases-mbh-samu\/\" \/>\n<meta property=\"og:locale\" content=\"fr_FR\" \/>\n<meta property=\"og:type\" content=\"article\" \/>\n<meta property=\"og:title\" content=\"MBH SAMU : 2 nouvelles bases Amiens et Laon - Mont-Blanc H\u00e9licopt\u00e8res\" \/>\n<meta property=\"og:description\" content=\"[vc_row][vc_column width=\u00a0\u00bb1\/2&Prime;][vc_column_text]Deux nouvelles bases MBH SAMU : H\u00f4pital\u00a0d&rsquo;Amiens &#8211; 1er h\u00e9licopt\u00e8re 145 T2 en France sur du SAMU\u00a0 H\u00f4pital de Laon &#8211; h\u00e9licopt\u00e8re 135 T3 Nos bases hospitali\u00e8res Samu : Cr\u00e9teil Marseilles Avignon Mulhouse Nancy Reims Amiens (2018) Laon (2018) Cayenne Guyane Informations compl\u00e9mentaires\u00a0[\/vc_column_text][\/vc_column][vc_column width=\u00a0\u00bb1\/2&Prime;][\/vc_column][\/vc_row]\" \/>\n<meta property=\"og:url\" content=\"https:\/\/www.mbh.fr\/fr\/2-nouvelles-bases-mbh-samu\/\" \/>\n<meta property=\"og:site_name\" content=\"Mont-Blanc H\u00e9licopt\u00e8res\" \/>\n<meta property=\"article:publisher\" content=\"https:\/\/www.facebook.com\/MontBlancHelicopteres\/\" \/>\n<meta property=\"article:published_time\" content=\"2018-01-10T17:12:34+00:00\" \/>\n<meta property=\"article:modified_time\" content=\"2018-02-16T08:45:48+00:00\" \/>\n<meta name=\"author\" content=\"admin\" \/>\n<meta name=\"twitter:card\" content=\"summary_large_image\" \/>\n<meta name=\"twitter:creator\" content=\"@MBHelicopteres\" \/>\n<meta name=\"twitter:site\" content=\"@MBHelicopteres\" \/>\n<meta name=\"twitter:label1\" content=\"\u00c9crit par\" \/>\n\t<meta name=\"twitter:data1\" content=\"admin\" \/>\n<script type=\"application\/ld+json\" class=\"yoast-schema-graph\">{\"@context\":\"https:\/\/schema.org\",\"@graph\":[{\"@type\":\"Article\",\"@id\":\"https:\/\/www.mbh.fr\/fr\/2-nouvelles-bases-mbh-samu\/#article\",\"isPartOf\":{\"@id\":\"https:\/\/www.mbh.fr\/fr\/2-nouvelles-bases-mbh-samu\/\"},\"author\":{\"name\":\"admin\",\"@id\":\"https:\/\/www.mbh.fr\/fr\/#\/schema\/person\/71a60d316fe00ba23f4a43003310920d\"},\"headline\":\"MBH SAMU : 2 nouvelles bases Amiens et Laon\",\"datePublished\":\"2018-01-10T17:12:34+00:00\",\"dateModified\":\"2018-02-16T08:45:48+00:00\",\"mainEntityOfPage\":{\"@id\":\"https:\/\/www.mbh.fr\/fr\/2-nouvelles-bases-mbh-samu\/\"},\"wordCount\":84,\"publisher\":{\"@id\":\"https:\/\/www.mbh.fr\/fr\/#organization\"},\"inLanguage\":\"fr-FR\"},{\"@type\":\"WebPage\",\"@id\":\"https:\/\/www.mbh.fr\/fr\/2-nouvelles-bases-mbh-samu\/\",\"url\":\"https:\/\/www.mbh.fr\/fr\/2-nouvelles-bases-mbh-samu\/\",\"name\":\"MBH SAMU : 2 nouvelles bases Amiens et Laon - Mont-Blanc H\u00e9licopt\u00e8res\",\"isPartOf\":{\"@id\":\"https:\/\/www.mbh.fr\/fr\/#website\"},\"datePublished\":\"2018-01-10T17:12:34+00:00\",\"dateModified\":\"2018-02-16T08:45:48+00:00\",\"breadcrumb\":{\"@id\":\"https:\/\/www.mbh.fr\/fr\/2-nouvelles-bases-mbh-samu\/#breadcrumb\"},\"inLanguage\":\"fr-FR\",\"potentialAction\":[{\"@type\":\"ReadAction\",\"target\":[\"https:\/\/www.mbh.fr\/fr\/2-nouvelles-bases-mbh-samu\/\"]}]},{\"@type\":\"BreadcrumbList\",\"@id\":\"https:\/\/www.mbh.fr\/fr\/2-nouvelles-bases-mbh-samu\/#breadcrumb\",\"itemListElement\":[{\"@type\":\"ListItem\",\"position\":1,\"name\":\"Accueil\",\"item\":\"https:\/\/www.mbh.fr\/fr\/\"},{\"@type\":\"ListItem\",\"position\":2,\"name\":\"MBH SAMU : 2 nouvelles bases Amiens et Laon\"}]},{\"@type\":\"WebSite\",\"@id\":\"https:\/\/www.mbh.fr\/fr\/#website\",\"url\":\"https:\/\/www.mbh.fr\/fr\/\",\"name\":\"Mont-Blanc H\u00e9licopt\u00e8res\",\"description\":\"\",\"publisher\":{\"@id\":\"https:\/\/www.mbh.fr\/fr\/#organization\"},\"potentialAction\":[{\"@type\":\"SearchAction\",\"target\":{\"@type\":\"EntryPoint\",\"urlTemplate\":\"https:\/\/www.mbh.fr\/fr\/?s={search_term_string}\"},\"query-input\":{\"@type\":\"PropertyValueSpecification\",\"valueRequired\":true,\"valueName\":\"search_term_string\"}}],\"inLanguage\":\"fr-FR\"},{\"@type\":\"Organization\",\"@id\":\"https:\/\/www.mbh.fr\/fr\/#organization\",\"name\":\"mont blanc h\u00e9licopt\u00e8res\",\"url\":\"https:\/\/www.mbh.fr\/fr\/\",\"logo\":{\"@type\":\"ImageObject\",\"inLanguage\":\"fr-FR\",\"@id\":\"https:\/\/www.mbh.fr\/fr\/#\/schema\/logo\/image\/\",\"url\":\"\",\"contentUrl\":\"\",\"caption\":\"mont blanc h\u00e9licopt\u00e8res\"},\"image\":{\"@id\":\"https:\/\/www.mbh.fr\/fr\/#\/schema\/logo\/image\/\"},\"sameAs\":[\"https:\/\/www.facebook.com\/MontBlancHelicopteres\/\",\"https:\/\/x.com\/MBHelicopteres\",\"https:\/\/www.instagram.com\/montblanchelicopteres\/\",\"https:\/\/www.linkedin.com\/company\/715290\/\"]},{\"@type\":\"Person\",\"@id\":\"https:\/\/www.mbh.fr\/fr\/#\/schema\/person\/71a60d316fe00ba23f4a43003310920d\",\"name\":\"admin\"}]}<\/script>\n<!-- \/ Yoast SEO plugin. -->","yoast_head_json":{"title":"MBH SAMU : 2 nouvelles bases Amiens et Laon - Mont-Blanc H\u00e9licopt\u00e8res","robots":{"index":"index","follow":"follow","max-snippet":"max-snippet:-1","max-image-preview":"max-image-preview:large","max-video-preview":"max-video-preview:-1"},"canonical":"https:\/\/www.mbh.fr\/fr\/2-nouvelles-bases-mbh-samu\/","og_locale":"fr_FR","og_type":"article","og_title":"MBH SAMU : 2 nouvelles bases Amiens et Laon - Mont-Blanc H\u00e9licopt\u00e8res","og_description":"[vc_row][vc_column width=\u00a0\u00bb1\/2&Prime;][vc_column_text]Deux nouvelles bases MBH SAMU : H\u00f4pital\u00a0d&rsquo;Amiens &#8211; 1er h\u00e9licopt\u00e8re 145 T2 en France sur du SAMU\u00a0 H\u00f4pital de Laon &#8211; h\u00e9licopt\u00e8re 135 T3 Nos bases hospitali\u00e8res Samu : Cr\u00e9teil Marseilles Avignon Mulhouse Nancy Reims Amiens (2018) Laon (2018) Cayenne Guyane Informations compl\u00e9mentaires\u00a0[\/vc_column_text][\/vc_column][vc_column width=\u00a0\u00bb1\/2&Prime;][\/vc_column][\/vc_row]","og_url":"https:\/\/www.mbh.fr\/fr\/2-nouvelles-bases-mbh-samu\/","og_site_name":"Mont-Blanc H\u00e9licopt\u00e8res","article_publisher":"https:\/\/www.facebook.com\/MontBlancHelicopteres\/","article_published_time":"2018-01-10T17:12:34+00:00","article_modified_time":"2018-02-16T08:45:48+00:00","author":"admin","twitter_card":"summary_large_image","twitter_creator":"@MBHelicopteres","twitter_site":"@MBHelicopteres","twitter_misc":{"\u00c9crit par":"admin"},"schema":{"@context":"https:\/\/schema.org","@graph":[{"@type":"Article","@id":"https:\/\/www.mbh.fr\/fr\/2-nouvelles-bases-mbh-samu\/#article","isPartOf":{"@id":"https:\/\/www.mbh.fr\/fr\/2-nouvelles-bases-mbh-samu\/"},"author":{"name":"admin","@id":"https:\/\/www.mbh.fr\/fr\/#\/schema\/person\/71a60d316fe00ba23f4a43003310920d"},"headline":"MBH SAMU : 2 nouvelles bases Amiens et Laon","datePublished":"2018-01-10T17:12:34+00:00","dateModified":"2018-02-16T08:45:48+00:00","mainEntityOfPage":{"@id":"https:\/\/www.mbh.fr\/fr\/2-nouvelles-bases-mbh-samu\/"},"wordCount":84,"publisher":{"@id":"https:\/\/www.mbh.fr\/fr\/#organization"},"inLanguage":"fr-FR"},{"@type":"WebPage","@id":"https:\/\/www.mbh.fr\/fr\/2-nouvelles-bases-mbh-samu\/","url":"https:\/\/www.mbh.fr\/fr\/2-nouvelles-bases-mbh-samu\/","name":"MBH SAMU : 2 nouvelles bases Amiens et Laon - Mont-Blanc H\u00e9licopt\u00e8res","isPartOf":{"@id":"https:\/\/www.mbh.fr\/fr\/#website"},"datePublished":"2018-01-10T17:12:34+00:00","dateModified":"2018-02-16T08:45:48+00:00","breadcrumb":{"@id":"https:\/\/www.mbh.fr\/fr\/2-nouvelles-bases-mbh-samu\/#breadcrumb"},"inLanguage":"fr-FR","potentialAction":[{"@type":"ReadAction","target":["https:\/\/www.mbh.fr\/fr\/2-nouvelles-bases-mbh-samu\/"]}]},{"@type":"BreadcrumbList","@id":"https:\/\/www.mbh.fr\/fr\/2-nouvelles-bases-mbh-samu\/#breadcrumb","itemListElement":[{"@type":"ListItem","position":1,"name":"Accueil","item":"https:\/\/www.mbh.fr\/fr\/"},{"@type":"ListItem","position":2,"name":"MBH SAMU : 2 nouvelles bases Amiens et Laon"}]},{"@type":"WebSite","@id":"https:\/\/www.mbh.fr\/fr\/#website","url":"https:\/\/www.mbh.fr\/fr\/","name":"Mont-Blanc H\u00e9licopt\u00e8res","description":"","publisher":{"@id":"https:\/\/www.mbh.fr\/fr\/#organization"},"potentialAction":[{"@type":"SearchAction","target":{"@type":"EntryPoint","urlTemplate":"https:\/\/www.mbh.fr\/fr\/?s={search_term_string}"},"query-input":{"@type":"PropertyValueSpecification","valueRequired":true,"valueName":"search_term_string"}}],"inLanguage":"fr-FR"},{"@type":"Organization","@id":"https:\/\/www.mbh.fr\/fr\/#organization","name":"mont blanc h\u00e9licopt\u00e8res","url":"https:\/\/www.mbh.fr\/fr\/","logo":{"@type":"ImageObject","inLanguage":"fr-FR","@id":"https:\/\/www.mbh.fr\/fr\/#\/schema\/logo\/image\/","url":"","contentUrl":"","caption":"mont blanc h\u00e9licopt\u00e8res"},"image":{"@id":"https:\/\/www.mbh.fr\/fr\/#\/schema\/logo\/image\/"},"sameAs":["https:\/\/www.facebook.com\/MontBlancHelicopteres\/","https:\/\/x.com\/MBHelicopteres","https:\/\/www.instagram.com\/montblanchelicopteres\/","https:\/\/www.linkedin.com\/company\/715290\/"]},{"@type":"Person","@id":"https:\/\/www.mbh.fr\/fr\/#\/schema\/person\/71a60d316fe00ba23f4a43003310920d","name":"admin"}]}},"_links":{"self":[{"href":"https:\/\/www.mbh.fr\/fr\/wp-json\/wp\/v2\/posts\/3154","targetHints":{"allow":["GET"]}}],"collection":[{"href":"https:\/\/www.mbh.fr\/fr\/wp-json\/wp\/v2\/posts"}],"about":[{"href":"https:\/\/www.mbh.fr\/fr\/wp-json\/wp\/v2\/types\/post"}],"author":[{"embeddable":true,"href":"https:\/\/www.mbh.fr\/fr\/wp-json\/wp\/v2\/users\/7"}],"replies":[{"embeddable":true,"href":"https:\/\/www.mbh.fr\/fr\/wp-json\/wp\/v2\/comments?post=3154"}],"version-history":[{"count":3,"href":"https:\/\/www.mbh.fr\/fr\/wp-json\/wp\/v2\/posts\/3154\/revisions"}],"predecessor-version":[{"id":3158,"href":"https:\/\/www.mbh.fr\/fr\/wp-json\/wp\/v2\/posts\/3154\/revisions\/3158"}],"wp:attachment":[{"href":"https:\/\/www.mbh.fr\/fr\/wp-json\/wp\/v2\/media?parent=3154"}],"wp:term":[{"taxonomy":"category","embeddable":true,"href":"https:\/\/www.mbh.fr\/fr\/wp-json\/wp\/v2\/categories?post=3154"},{"taxonomy":"post_tag","embeddable":true,"href":"https:\/\/www.mbh.fr\/fr\/wp-json\/wp\/v2\/tags?post=3154"}],"curies":[{"name":"wp","href":"https:\/\/api.w.org\/{rel}","templated":true}]}}